{"id":32716,"date":"2026-09-01T16:00:30","date_gmt":"2026-09-01T14:00:30","guid":{"rendered":"https:\/\/digitourism.ch\/das-hotel-momentum-wie-sich-das-loetschental-nach-dem-erdrutsch-von-blatten-wieder-erholt-hat\/"},"modified":"2026-09-01T16:04:12","modified_gmt":"2026-09-01T14:04:12","slug":"das-hotel-momentum-wie-sich-das-loetschental-nach-dem-erdrutsch-von-blatten-wieder-erholt-hat","status":"publish","type":"post","link":"https:\/\/digitourism.ch\/de\/das-hotel-momentum-wie-sich-das-loetschental-nach-dem-erdrutsch-von-blatten-wieder-erholt-hat\/","title":{"rendered":"Das Hotel Momentum: Wie sich das L\u00f6tschental nach dem Erdrutsch von Blatten wieder erholt hat"},"content":{"rendered":"\n<p class=\"wp-block-paragraph\"><strong>Ein Jahr nach dem Erdrutsch von Blatten, der das Dorf zerst\u00f6rte und die Hotel\u00fcbernachtungen im Tal um 45 % sinken liess, hat das L\u00f6tschental auf 2&#8217;000 Metern H\u00f6he ein provisorisches Holzhotel er\u00f6ffnet, das innerhalb von drei Monaten errichtet wurde. Ein Gemeinschaftsprojekt, das bereits in seinem ersten Winter eine Auslastung von 85 % verzeichnet. Es ist ein Beispiel f\u00fcr Resilienz, vorgestellt von <a href=\"https:\/\/www.linkedin.com\/in\/mathias-fleischmann-311996123\/\" target=\"_blank\" rel=\"noreferrer noopener\">Mathias Fleischmann<\/a>, Direktor von <a href=\"https:\/\/www.loetschental.ch\/fr\" target=\"_blank\" rel=\"noreferrer noopener\">L\u00f6tschental Tourismus<\/a>, an den letzten Digitourism-Tagen Ende Mai vorgestellt hat.<\/strong><\/p>\n\n\n\n<p class=\"wp-block-paragraph\">Am 23. Mai 2025 ersch\u00fctterte ein grosser Felssturz in Blatten ein ganzes Tal. F\u00fcr den lokalen Tourismus waren die Folgen unmittelbar und schwerwiegend: drei zerst\u00f6rte Hotels, ein viertes unzug\u00e4nglich, zwei Campingpl\u00e4tze ausser Betrieb. \u00abWir haben 80 Prozent der Hotelbetten im Tal verloren, das war wirklich katastrophal\u00bb, fasst Mathias Fleischmann zusammen.   <\/p>\n\n\n\n<p class=\"wp-block-paragraph\">Der R\u00fcckgang der \u00dcbernachtungen belief sich im gesamten Reiseziel auf 45 %. Im Winter fiel der R\u00fcckgang mit rund 20 bis 25 % etwas geringer aus, da die Chalets und Ferienwohnungen im oberen Teil des Tals vom Erdrutsch nicht betroffen waren.  <\/p>\n\n\n\n<h2 class=\"wp-block-heading\"><strong>Drei Hotelfamilien im Umgang mit der Ungewissheit<\/strong> <\/h2>\n\n\n\n<p class=\"wp-block-paragraph\">Hinter den Zahlen verbergen sich drei Familien, die von einem Tag auf den anderen ihre Arbeitsmittel verloren haben. \u00abEiner hatte schon jede Menge Ideen, was man tun k\u00f6nnte, andere befanden sich in einer ziemlich schwierigen Lage\u00bb, erz\u00e4hlt Mathias Fleischmann, der drei Wochen nach der Katastrophe Kontakt zu den Hoteliers aufnahm.  <\/p>\n\n\n\n<p class=\"wp-block-paragraph\">Aber der Kampfgeist war da. \u00abMan sp\u00fcrte den Mut dieser Menschen, sich f\u00fcr das Tal einsetzen zu wollen, auch um den Tourismus und die Arbeitspl\u00e4tze zu retten.\u00bb Sehr schnell kam die Idee einer provisorischen Unterkunft auf.  <\/p>\n\n\n\n<h2 class=\"wp-block-heading\"><strong>Drei Monate, um ein Hotel zu bauen<\/strong> <\/h2>\n\n\n\n<p class=\"wp-block-paragraph\">Die gr\u00f6sste Herausforderung war die Zeit: Damit sich das Projekt wirtschaftlich lohnte, musste das Hotel noch vor Beginn der Wintersaison er\u00f6ffnet werden. Rund f\u00fcnfzehn auf Modulbau spezialisierte Unternehmen wurden kontaktiert. Nur zwei davon konnten den Zeitplan einhalten. Die Wahl fiel schliesslich auf ein Aargauer Unternehmen, das in der Lage war, innerhalb von drei Monaten ein komplett neues Hotel aus Holz zu errichten.    <\/p>\n\n\n\n<p class=\"wp-block-paragraph\">Am 15. August fiel der Startschuss. Im September wurde eine neue Aktiengesellschaft, die L\u00f6tschental Blatten AG, gegr\u00fcndet, die Baubewilligung innerhalb von 36 Tagen erteilt und die Finanzierung Mitte September unter Dach und Fach gebracht. Die Fundamentarbeiten begannen sofort. \u00abJedes Stockwerk befand sich in einem anderen Zustand. Unten wurden bereits die Betten aufgestellt, w\u00e4hrend oben noch das Dach fertiggestellt wurde. Es war unglaublich, was sie dort geschaffen haben.\u201c Das Hotel Momentum wurde am 19. Dezember 2025 offiziell er\u00f6ffnet, mit 19 Zimmern und 64 Betten, und von H\u00f4tellerie Suisse mit drei Sternen \u00abSuperior\u00bb klassifiziert.    <a href=\"https:\/\/www.momentum-lauchernalp.ch\/de\/hotel\/ueber-uns\">\u00dcber uns | Ein Ort mit Geschichte und Haltung <\/a><\/p>\n\n\n\n<h2 class=\"wp-block-heading\"><strong>Ein Modell, das auf Zusammenarbeit basiert<\/strong> <\/h2>\n\n\n\n<p class=\"wp-block-paragraph\">Das Projekt hat im Sinne einer gemeinsamen Gestaltung mehrere lokale Akteure mobilisiert. Die Bergbahnen haben das Grundst\u00fcck f\u00fcr mindestens f\u00fcnf Jahre kostenlos zur Verf\u00fcgung gestellt. Das benachbarte Panoramarestaurant, das von den Bergbahnen betrieben wird, sorgt f\u00fcr das Morgenessen und das Nachtessen der G\u00e4ste. Die W\u00e4scherei wird gemeinsam mit einer lokalen Vermietungsagentur betrieben, die bereits rund siebzig Chalets und Wohnungen im Tal betreut. \u00abSo konnten wir zus\u00e4tzliche Arbeitspl\u00e4tze schaffen.\u00bb     <\/p>\n\n\n\n<p class=\"wp-block-paragraph\">Insgesamt beliefen sich die Kosten des Projekts auf 5&#8217;000&#8217;000 Franken, finanziert durch die Versicherungen der Hoteliers, die in Form von Darlehen wieder investiert wurden, einen nicht r\u00fcckzahlbaren Kantonsbeitrag in H\u00f6he von 1&#8217;000&#8217;000 Franken, eine Unterst\u00fctzung durch die Schweizer Berghilfe sowie weitere Spenden. <\/p>\n\n\n\n<h2 class=\"wp-block-heading\"><strong>Ein vielversprechender erster Winter<\/strong> <\/h2>\n\n\n\n<p class=\"wp-block-paragraph\">Die Ergebnisse haben die Erwartungen \u00fcbertroffen. Die Lage direkt an den Pisten hat \u00fcberzeugt: Die Auslastung lag im ersten Winter bei \u00fcber 85 Prozent. \u00abF\u00fcr uns bedeutet die Er\u00f6ffnung dieses Hotels nicht nur zus\u00e4tzliche Betten. Es ist auch ein positives und wichtiges Signal f\u00fcr das gesamte Tal. Dass man hier an die Zukunft des Tourismus glaubt.\u00bb   <\/p>\n\n\n\n<p class=\"wp-block-paragraph\">Das L\u00f6tschental will nicht einfach nur das wiederaufbauen, was fr\u00fcher einmal da war. \u00abMan muss diese Gelegenheit nutzen, um etwas Besseres zu schaffen \u2013 sowohl was das Angebot als auch die Infrastruktur betrifft.\u00bb  <\/p>\n\n\n\n<p class=\"wp-block-paragraph\">Derzeit laufen mehrere Projekte: die f\u00fcr den 4. Juli geplante Wiederer\u00f6ffnung des Hotels Fafleralp, eine neue Seilbahn zwischen Wiler und Weissenried, die Modernisierung des Skigebiets \u00fcber einen Zeitraum von zehn Jahren sowie ein Pendelbus nach Fafleralp ab Sommer 2025. Ausserdem wurde gemeinsam mit den Gemeinden und den Hoteliers eine umfassende strategische \u00dcberlegung zum Beherbergungsangebot im Tal in Angriff genommen.  <\/p>\n\n\n\n<p class=\"wp-block-paragraph\">Die R\u00fcckkehr zum Stand vor dem Erdrutsch werde \u00abzwischen 5 und 7 Jahren\u00bb dauern, sch\u00e4tzt Mathias Fleischmann. Doch die Dynamik ist in Gang gekommen. \u00abJede Krise bietet Chancen. Was vorbei ist, ist vorbei, aber wir m\u00fcssen nach vorne schauen und diese Chancen gemeinsam nutzen.\u00bb   <\/p>\n\n\n\n<p class=\"wp-block-paragraph\"><em>Live-Bericht vom 26. Mai 2026 an den \u00abJourn\u00e9es Digitourism\u00bb in Champex-Lac<\/em><\/p>\n","protected":false},"excerpt":{"rendered":"<p>Ein Jahr nach dem Erdrutsch von Blatten, der das Dorf zerst\u00f6rte und die Hotel\u00fcbernachtungen im Tal um 45 % sinken liess, hat das L\u00f6tschental auf 2&#8217;000 Metern H\u00f6he ein provisorisches Holzhotel er\u00f6ffnet, das innerhalb von drei Monaten errichtet wurde. Ein Gemeinschaftsprojekt, das bereits in seinem ersten Winter eine Auslastung von 85 % verzeichnet. Es ist [&hellip;]<\/p>\n","protected":false},"author":17,"featured_media":32713,"comment_status":"closed","ping_status":"open","sticky":false,"template":"","format":"standard","meta":{"_acf_changed":false,"footnotes":""},"categories":[13],"tags":[],"class_list":["post-32716","post","type-post","status-publish","format-standard","has-post-thumbnail","hentry","category-news"],"acf":[],"yoast_head":"<!-- This site is optimized with the Yoast SEO plugin v28.4 - https:\/\/yoast.com\/product\/yoast-seo-wordpress\/ -->\n<title>Das Hotel Momentum: Wie sich das L\u00f6tschental nach dem Erdrutsch von Blatten wieder erholt hat &#8211; Digitourism<\/title>\n<meta name=\"description\" content=\"Ein Jahr nach dem Erdrutsch in Blatten, der das Dorf zerst\u00f6rte und zu einem R\u00fcckgang der Hotel\u00fcbernachtungen im Tal um 45 % f\u00fchrte, hat das L\u00f6tschental ein Nothotel er\u00f6ffnet, das in drei Monaten errichtet wurde.\" \/>\n<meta name=\"robots\" content=\"index, follow, max-snippet:-1, max-image-preview:large, max-video-preview:-1\" \/>\n<link rel=\"canonical\" href=\"https:\/\/digitourism.ch\/de\/das-hotel-momentum-wie-sich-das-loetschental-nach-dem-erdrutsch-von-blatten-wieder-erholt-hat\/\" \/>\n<meta property=\"og:locale\" content=\"de_DE\" \/>\n<meta property=\"og:type\" content=\"article\" \/>\n<meta property=\"og:title\" content=\"Das Hotel Momentum: Wie sich das L\u00f6tschental nach dem Erdrutsch von Blatten wieder erholt hat &#8211; Digitourism\" \/>\n<meta property=\"og:description\" content=\"Ein Jahr nach dem Erdrutsch in Blatten, der das Dorf zerst\u00f6rte und zu einem R\u00fcckgang der Hotel\u00fcbernachtungen im Tal um 45 % f\u00fchrte, hat das L\u00f6tschental ein Nothotel er\u00f6ffnet, das in drei Monaten errichtet wurde.\" \/>\n<meta property=\"og:url\" content=\"https:\/\/digitourism.ch\/de\/das-hotel-momentum-wie-sich-das-loetschental-nach-dem-erdrutsch-von-blatten-wieder-erholt-hat\/\" \/>\n<meta property=\"og:site_name\" content=\"Digitourism\" \/>\n<meta property=\"article:published_time\" content=\"2026-09-01T14:00:30+00:00\" \/>\n<meta property=\"article:modified_time\" content=\"2026-09-01T14:04:12+00:00\" \/>\n<meta property=\"og:image\" content=\"https:\/\/digitourism.ch\/wp-content\/uploads\/2026\/09\/momentum-ext.png\" \/>\n\t<meta property=\"og:image:width\" content=\"1184\" \/>\n\t<meta property=\"og:image:height\" content=\"766\" \/>\n\t<meta property=\"og:image:type\" content=\"image\/png\" \/>\n<meta name=\"author\" content=\"Charlotte Melly\" \/>\n<meta name=\"twitter:card\" content=\"summary_large_image\" \/>\n<meta name=\"twitter:label1\" content=\"Verfasst von\" \/>\n\t<meta name=\"twitter:data1\" content=\"Charlotte Melly\" \/>\n\t<meta name=\"twitter:label2\" content=\"Gesch\u00e4tzte Lesezeit\" \/>\n\t<meta name=\"twitter:data2\" content=\"5\u00a0Minuten\" \/>\n<script type=\"application\/ld+json\" class=\"yoast-schema-graph\">{\"@context\":\"https:\\\/\\\/schema.org\",\"@graph\":[{\"@type\":\"Article\",\"@id\":\"https:\\\/\\\/digitourism.ch\\\/de\\\/das-hotel-momentum-wie-sich-das-loetschental-nach-dem-erdrutsch-von-blatten-wieder-erholt-hat\\\/#article\",\"isPartOf\":{\"@id\":\"https:\\\/\\\/digitourism.ch\\\/de\\\/das-hotel-momentum-wie-sich-das-loetschental-nach-dem-erdrutsch-von-blatten-wieder-erholt-hat\\\/\"},\"author\":{\"name\":\"Charlotte Melly\",\"@id\":\"https:\\\/\\\/digitourism.ch\\\/de\\\/#\\\/schema\\\/person\\\/6ee7c8b28df09e26fce0d4b48262f8eb\"},\"headline\":\"Das Hotel Momentum: Wie sich das L\u00f6tschental nach dem Erdrutsch von Blatten wieder erholt hat\",\"datePublished\":\"2026-09-01T14:00:30+00:00\",\"dateModified\":\"2026-09-01T14:04:12+00:00\",\"mainEntityOfPage\":{\"@id\":\"https:\\\/\\\/digitourism.ch\\\/de\\\/das-hotel-momentum-wie-sich-das-loetschental-nach-dem-erdrutsch-von-blatten-wieder-erholt-hat\\\/\"},\"wordCount\":789,\"publisher\":{\"@id\":\"https:\\\/\\\/digitourism.ch\\\/de\\\/#organization\"},\"image\":{\"@id\":\"https:\\\/\\\/digitourism.ch\\\/de\\\/das-hotel-momentum-wie-sich-das-loetschental-nach-dem-erdrutsch-von-blatten-wieder-erholt-hat\\\/#primaryimage\"},\"thumbnailUrl\":\"https:\\\/\\\/digitourism.ch\\\/wp-content\\\/uploads\\\/2026\\\/09\\\/momentum-ext.png\",\"articleSection\":[\"News\"],\"inLanguage\":\"de\"},{\"@type\":\"WebPage\",\"@id\":\"https:\\\/\\\/digitourism.ch\\\/de\\\/das-hotel-momentum-wie-sich-das-loetschental-nach-dem-erdrutsch-von-blatten-wieder-erholt-hat\\\/\",\"url\":\"https:\\\/\\\/digitourism.ch\\\/de\\\/das-hotel-momentum-wie-sich-das-loetschental-nach-dem-erdrutsch-von-blatten-wieder-erholt-hat\\\/\",\"name\":\"Das Hotel Momentum: Wie sich das L\u00f6tschental nach dem Erdrutsch von Blatten wieder erholt hat &#8211; Digitourism\",\"isPartOf\":{\"@id\":\"https:\\\/\\\/digitourism.ch\\\/de\\\/#website\"},\"primaryImageOfPage\":{\"@id\":\"https:\\\/\\\/digitourism.ch\\\/de\\\/das-hotel-momentum-wie-sich-das-loetschental-nach-dem-erdrutsch-von-blatten-wieder-erholt-hat\\\/#primaryimage\"},\"image\":{\"@id\":\"https:\\\/\\\/digitourism.ch\\\/de\\\/das-hotel-momentum-wie-sich-das-loetschental-nach-dem-erdrutsch-von-blatten-wieder-erholt-hat\\\/#primaryimage\"},\"thumbnailUrl\":\"https:\\\/\\\/digitourism.ch\\\/wp-content\\\/uploads\\\/2026\\\/09\\\/momentum-ext.png\",\"datePublished\":\"2026-09-01T14:00:30+00:00\",\"dateModified\":\"2026-09-01T14:04:12+00:00\",\"description\":\"Ein Jahr nach dem Erdrutsch in Blatten, der das Dorf zerst\u00f6rte und zu einem R\u00fcckgang der Hotel\u00fcbernachtungen im Tal um 45 % f\u00fchrte, hat das L\u00f6tschental ein Nothotel er\u00f6ffnet, das in drei Monaten errichtet wurde.\",\"breadcrumb\":{\"@id\":\"https:\\\/\\\/digitourism.ch\\\/de\\\/das-hotel-momentum-wie-sich-das-loetschental-nach-dem-erdrutsch-von-blatten-wieder-erholt-hat\\\/#breadcrumb\"},\"inLanguage\":\"de\",\"potentialAction\":[{\"@type\":\"ReadAction\",\"target\":[\"https:\\\/\\\/digitourism.ch\\\/de\\\/das-hotel-momentum-wie-sich-das-loetschental-nach-dem-erdrutsch-von-blatten-wieder-erholt-hat\\\/\"]}]},{\"@type\":\"ImageObject\",\"inLanguage\":\"de\",\"@id\":\"https:\\\/\\\/digitourism.ch\\\/de\\\/das-hotel-momentum-wie-sich-das-loetschental-nach-dem-erdrutsch-von-blatten-wieder-erholt-hat\\\/#primaryimage\",\"url\":\"https:\\\/\\\/digitourism.ch\\\/wp-content\\\/uploads\\\/2026\\\/09\\\/momentum-ext.png\",\"contentUrl\":\"https:\\\/\\\/digitourism.ch\\\/wp-content\\\/uploads\\\/2026\\\/09\\\/momentum-ext.png\",\"width\":1184,\"height\":766},{\"@type\":\"BreadcrumbList\",\"@id\":\"https:\\\/\\\/digitourism.ch\\\/de\\\/das-hotel-momentum-wie-sich-das-loetschental-nach-dem-erdrutsch-von-blatten-wieder-erholt-hat\\\/#breadcrumb\",\"itemListElement\":[{\"@type\":\"ListItem\",\"position\":1,\"name\":\"Home\",\"item\":\"https:\\\/\\\/digitourism.ch\\\/de\\\/\"},{\"@type\":\"ListItem\",\"position\":2,\"name\":\"News\",\"item\":\"https:\\\/\\\/digitourism.ch\\\/de\\\/category\\\/news\\\/\"},{\"@type\":\"ListItem\",\"position\":3,\"name\":\"Das Hotel Momentum: Wie sich das L\u00f6tschental nach dem Erdrutsch von Blatten wieder erholt hat\"}]},{\"@type\":\"WebSite\",\"@id\":\"https:\\\/\\\/digitourism.ch\\\/de\\\/#website\",\"url\":\"https:\\\/\\\/digitourism.ch\\\/de\\\/\",\"name\":\"Digitourism\",\"description\":\"Die Digitalisierung im Dienste des Walliser Tourismus\",\"publisher\":{\"@id\":\"https:\\\/\\\/digitourism.ch\\\/de\\\/#organization\"},\"potentialAction\":[{\"@type\":\"SearchAction\",\"target\":{\"@type\":\"EntryPoint\",\"urlTemplate\":\"https:\\\/\\\/digitourism.ch\\\/de\\\/?s={search_term_string}\"},\"query-input\":{\"@type\":\"PropertyValueSpecification\",\"valueRequired\":true,\"valueName\":\"search_term_string\"}}],\"inLanguage\":\"de\"},{\"@type\":\"Organization\",\"@id\":\"https:\\\/\\\/digitourism.ch\\\/de\\\/#organization\",\"name\":\"Digitourism\",\"url\":\"https:\\\/\\\/digitourism.ch\\\/de\\\/\",\"logo\":{\"@type\":\"ImageObject\",\"inLanguage\":\"de\",\"@id\":\"https:\\\/\\\/digitourism.ch\\\/de\\\/#\\\/schema\\\/logo\\\/image\\\/\",\"url\":\"\",\"contentUrl\":\"\",\"caption\":\"Digitourism\"},\"image\":{\"@id\":\"https:\\\/\\\/digitourism.ch\\\/de\\\/#\\\/schema\\\/logo\\\/image\\\/\"}},{\"@type\":\"Person\",\"@id\":\"https:\\\/\\\/digitourism.ch\\\/de\\\/#\\\/schema\\\/person\\\/6ee7c8b28df09e26fce0d4b48262f8eb\",\"name\":\"Charlotte Melly\",\"image\":{\"@type\":\"ImageObject\",\"inLanguage\":\"de\",\"@id\":\"https:\\\/\\\/secure.gravatar.com\\\/avatar\\\/8745427a5ece063117fedff0cd83668b0864c6c6bd469cdbbbe6e3dc6b146bec?s=96&d=mm&r=g\",\"url\":\"https:\\\/\\\/secure.gravatar.com\\\/avatar\\\/8745427a5ece063117fedff0cd83668b0864c6c6bd469cdbbbe6e3dc6b146bec?s=96&d=mm&r=g\",\"contentUrl\":\"https:\\\/\\\/secure.gravatar.com\\\/avatar\\\/8745427a5ece063117fedff0cd83668b0864c6c6bd469cdbbbe6e3dc6b146bec?s=96&d=mm&r=g\",\"caption\":\"Charlotte Melly\"}}]}<\/script>\n<!-- \/ Yoast SEO plugin. -->","yoast_head_json":{"title":"Das Hotel Momentum: Wie sich das L\u00f6tschental nach dem Erdrutsch von Blatten wieder erholt hat &#8211; Digitourism","description":"Ein Jahr nach dem Erdrutsch in Blatten, der das Dorf zerst\u00f6rte und zu einem R\u00fcckgang der Hotel\u00fcbernachtungen im Tal um 45 % f\u00fchrte, hat das L\u00f6tschental ein Nothotel er\u00f6ffnet, das in drei Monaten errichtet wurde.","robots":{"index":"index","follow":"follow","max-snippet":"max-snippet:-1","max-image-preview":"max-image-preview:large","max-video-preview":"max-video-preview:-1"},"canonical":"https:\/\/digitourism.ch\/de\/das-hotel-momentum-wie-sich-das-loetschental-nach-dem-erdrutsch-von-blatten-wieder-erholt-hat\/","og_locale":"de_DE","og_type":"article","og_title":"Das Hotel Momentum: Wie sich das L\u00f6tschental nach dem Erdrutsch von Blatten wieder erholt hat &#8211; Digitourism","og_description":"Ein Jahr nach dem Erdrutsch in Blatten, der das Dorf zerst\u00f6rte und zu einem R\u00fcckgang der Hotel\u00fcbernachtungen im Tal um 45 % f\u00fchrte, hat das L\u00f6tschental ein Nothotel er\u00f6ffnet, das in drei Monaten errichtet wurde.","og_url":"https:\/\/digitourism.ch\/de\/das-hotel-momentum-wie-sich-das-loetschental-nach-dem-erdrutsch-von-blatten-wieder-erholt-hat\/","og_site_name":"Digitourism","article_published_time":"2026-09-01T14:00:30+00:00","article_modified_time":"2026-09-01T14:04:12+00:00","og_image":[{"width":1184,"height":766,"url":"https:\/\/digitourism.ch\/wp-content\/uploads\/2026\/09\/momentum-ext.png","type":"image\/png"}],"author":"Charlotte Melly","twitter_card":"summary_large_image","twitter_misc":{"Verfasst von":"Charlotte Melly","Gesch\u00e4tzte Lesezeit":"5\u00a0Minuten"},"schema":{"@context":"https:\/\/schema.org","@graph":[{"@type":"Article","@id":"https:\/\/digitourism.ch\/de\/das-hotel-momentum-wie-sich-das-loetschental-nach-dem-erdrutsch-von-blatten-wieder-erholt-hat\/#article","isPartOf":{"@id":"https:\/\/digitourism.ch\/de\/das-hotel-momentum-wie-sich-das-loetschental-nach-dem-erdrutsch-von-blatten-wieder-erholt-hat\/"},"author":{"name":"Charlotte Melly","@id":"https:\/\/digitourism.ch\/de\/#\/schema\/person\/6ee7c8b28df09e26fce0d4b48262f8eb"},"headline":"Das Hotel Momentum: Wie sich das L\u00f6tschental nach dem Erdrutsch von Blatten wieder erholt hat","datePublished":"2026-09-01T14:00:30+00:00","dateModified":"2026-09-01T14:04:12+00:00","mainEntityOfPage":{"@id":"https:\/\/digitourism.ch\/de\/das-hotel-momentum-wie-sich-das-loetschental-nach-dem-erdrutsch-von-blatten-wieder-erholt-hat\/"},"wordCount":789,"publisher":{"@id":"https:\/\/digitourism.ch\/de\/#organization"},"image":{"@id":"https:\/\/digitourism.ch\/de\/das-hotel-momentum-wie-sich-das-loetschental-nach-dem-erdrutsch-von-blatten-wieder-erholt-hat\/#primaryimage"},"thumbnailUrl":"https:\/\/digitourism.ch\/wp-content\/uploads\/2026\/09\/momentum-ext.png","articleSection":["News"],"inLanguage":"de"},{"@type":"WebPage","@id":"https:\/\/digitourism.ch\/de\/das-hotel-momentum-wie-sich-das-loetschental-nach-dem-erdrutsch-von-blatten-wieder-erholt-hat\/","url":"https:\/\/digitourism.ch\/de\/das-hotel-momentum-wie-sich-das-loetschental-nach-dem-erdrutsch-von-blatten-wieder-erholt-hat\/","name":"Das Hotel Momentum: Wie sich das L\u00f6tschental nach dem Erdrutsch von Blatten wieder erholt hat &#8211; Digitourism","isPartOf":{"@id":"https:\/\/digitourism.ch\/de\/#website"},"primaryImageOfPage":{"@id":"https:\/\/digitourism.ch\/de\/das-hotel-momentum-wie-sich-das-loetschental-nach-dem-erdrutsch-von-blatten-wieder-erholt-hat\/#primaryimage"},"image":{"@id":"https:\/\/digitourism.ch\/de\/das-hotel-momentum-wie-sich-das-loetschental-nach-dem-erdrutsch-von-blatten-wieder-erholt-hat\/#primaryimage"},"thumbnailUrl":"https:\/\/digitourism.ch\/wp-content\/uploads\/2026\/09\/momentum-ext.png","datePublished":"2026-09-01T14:00:30+00:00","dateModified":"2026-09-01T14:04:12+00:00","description":"Ein Jahr nach dem Erdrutsch in Blatten, der das Dorf zerst\u00f6rte und zu einem R\u00fcckgang der Hotel\u00fcbernachtungen im Tal um 45 % f\u00fchrte, hat das L\u00f6tschental ein Nothotel er\u00f6ffnet, das in drei Monaten errichtet wurde.","breadcrumb":{"@id":"https:\/\/digitourism.ch\/de\/das-hotel-momentum-wie-sich-das-loetschental-nach-dem-erdrutsch-von-blatten-wieder-erholt-hat\/#breadcrumb"},"inLanguage":"de","potentialAction":[{"@type":"ReadAction","target":["https:\/\/digitourism.ch\/de\/das-hotel-momentum-wie-sich-das-loetschental-nach-dem-erdrutsch-von-blatten-wieder-erholt-hat\/"]}]},{"@type":"ImageObject","inLanguage":"de","@id":"https:\/\/digitourism.ch\/de\/das-hotel-momentum-wie-sich-das-loetschental-nach-dem-erdrutsch-von-blatten-wieder-erholt-hat\/#primaryimage","url":"https:\/\/digitourism.ch\/wp-content\/uploads\/2026\/09\/momentum-ext.png","contentUrl":"https:\/\/digitourism.ch\/wp-content\/uploads\/2026\/09\/momentum-ext.png","width":1184,"height":766},{"@type":"BreadcrumbList","@id":"https:\/\/digitourism.ch\/de\/das-hotel-momentum-wie-sich-das-loetschental-nach-dem-erdrutsch-von-blatten-wieder-erholt-hat\/#breadcrumb","itemListElement":[{"@type":"ListItem","position":1,"name":"Home","item":"https:\/\/digitourism.ch\/de\/"},{"@type":"ListItem","position":2,"name":"News","item":"https:\/\/digitourism.ch\/de\/category\/news\/"},{"@type":"ListItem","position":3,"name":"Das Hotel Momentum: Wie sich das L\u00f6tschental nach dem Erdrutsch von Blatten wieder erholt hat"}]},{"@type":"WebSite","@id":"https:\/\/digitourism.ch\/de\/#website","url":"https:\/\/digitourism.ch\/de\/","name":"Digitourism","description":"Die Digitalisierung im Dienste des Walliser Tourismus","publisher":{"@id":"https:\/\/digitourism.ch\/de\/#organization"},"potentialAction":[{"@type":"SearchAction","target":{"@type":"EntryPoint","urlTemplate":"https:\/\/digitourism.ch\/de\/?s={search_term_string}"},"query-input":{"@type":"PropertyValueSpecification","valueRequired":true,"valueName":"search_term_string"}}],"inLanguage":"de"},{"@type":"Organization","@id":"https:\/\/digitourism.ch\/de\/#organization","name":"Digitourism","url":"https:\/\/digitourism.ch\/de\/","logo":{"@type":"ImageObject","inLanguage":"de","@id":"https:\/\/digitourism.ch\/de\/#\/schema\/logo\/image\/","url":"","contentUrl":"","caption":"Digitourism"},"image":{"@id":"https:\/\/digitourism.ch\/de\/#\/schema\/logo\/image\/"}},{"@type":"Person","@id":"https:\/\/digitourism.ch\/de\/#\/schema\/person\/6ee7c8b28df09e26fce0d4b48262f8eb","name":"Charlotte Melly","image":{"@type":"ImageObject","inLanguage":"de","@id":"https:\/\/secure.gravatar.com\/avatar\/8745427a5ece063117fedff0cd83668b0864c6c6bd469cdbbbe6e3dc6b146bec?s=96&d=mm&r=g","url":"https:\/\/secure.gravatar.com\/avatar\/8745427a5ece063117fedff0cd83668b0864c6c6bd469cdbbbe6e3dc6b146bec?s=96&d=mm&r=g","contentUrl":"https:\/\/secure.gravatar.com\/avatar\/8745427a5ece063117fedff0cd83668b0864c6c6bd469cdbbbe6e3dc6b146bec?s=96&d=mm&r=g","caption":"Charlotte Melly"}}]}},"_links":{"self":[{"href":"https:\/\/digitourism.ch\/de\/wp-json\/wp\/v2\/posts\/32716","targetHints":{"allow":["GET"]}}],"collection":[{"href":"https:\/\/digitourism.ch\/de\/wp-json\/wp\/v2\/posts"}],"about":[{"href":"https:\/\/digitourism.ch\/de\/wp-json\/wp\/v2\/types\/post"}],"author":[{"embeddable":true,"href":"https:\/\/digitourism.ch\/de\/wp-json\/wp\/v2\/users\/17"}],"replies":[{"embeddable":true,"href":"https:\/\/digitourism.ch\/de\/wp-json\/wp\/v2\/comments?post=32716"}],"version-history":[{"count":2,"href":"https:\/\/digitourism.ch\/de\/wp-json\/wp\/v2\/posts\/32716\/revisions"}],"predecessor-version":[{"id":32718,"href":"https:\/\/digitourism.ch\/de\/wp-json\/wp\/v2\/posts\/32716\/revisions\/32718"}],"wp:featuredmedia":[{"embeddable":true,"href":"https:\/\/digitourism.ch\/de\/wp-json\/wp\/v2\/media\/32713"}],"wp:attachment":[{"href":"https:\/\/digitourism.ch\/de\/wp-json\/wp\/v2\/media?parent=32716"}],"wp:term":[{"taxonomy":"category","embeddable":true,"href":"https:\/\/digitourism.ch\/de\/wp-json\/wp\/v2\/categories?post=32716"},{"taxonomy":"post_tag","embeddable":true,"href":"https:\/\/digitourism.ch\/de\/wp-json\/wp\/v2\/tags?post=32716"}],"curies":[{"name":"wp","href":"https:\/\/api.w.org\/{rel}","templated":true}]}}