{"id":32710,"date":"2026-09-01T15:46:06","date_gmt":"2026-09-01T13:46:06","guid":{"rendered":"https:\/\/digitourism.ch\/?p=32710"},"modified":"2026-09-01T15:47:51","modified_gmt":"2026-09-01T13:47:51","slug":"lhotel-momentum-comment-le-lotschental-a-rebondi-apres-leboulement-de-blatten","status":"publish","type":"post","link":"https:\/\/digitourism.ch\/fr\/lhotel-momentum-comment-le-lotschental-a-rebondi-apres-leboulement-de-blatten\/","title":{"rendered":"L&rsquo;h\u00f4tel Momentum\u2009: comment le\u00a0L\u00f6tschental\u00a0a rebondi apr\u00e8s l&rsquo;\u00e9boulement de\u00a0Blatten"},"content":{"rendered":"\n<p class=\"wp-block-paragraph\"><strong>Un an apr\u00e8s l&rsquo;\u00e9boulement\u00a0de\u00a0Blatten,\u00a0qui a d\u00e9truit\u00a0le village\u00a0et fait chuter les nuit\u00e9es\u00a0h\u00f4teli\u00e8res de la vall\u00e9e\u00a0de 45%, le\u00a0L\u00f6tschental\u00a0a ouvert un h\u00f4tel provisoire en bois \u00e0 2000 m\u00e8tres d&rsquo;altitude, construit en trois mois. Un projet collaboratif qui affiche d\u00e9j\u00e0 un taux d&rsquo;occupation de 85% lors de son premier hiver.\u00a0C\u2019est un exemple de r\u00e9silience, pr\u00e9sent\u00e9 par\u00a0<a href=\"https:\/\/www.linkedin.com\/in\/mathias-fleischmann-311996123\/\" target=\"_blank\" rel=\"noreferrer noopener\">Mathias Fleischmann<\/a>, directeur de\u00a0<\/strong><a href=\"https:\/\/www.loetschental.ch\/fr\" target=\"_blank\" rel=\"noreferrer noopener\"><strong>L\u00f6tschental\u00a0Tourismus<\/strong><\/a> <strong>lors des derni\u00e8res Journ\u00e9es\u00a0Digitourism fin mai.<\/strong>\u00a0<\/p>\n\n\n\n<p class=\"wp-block-paragraph\">Le 23 mai 2025, un grand \u00e9boulement \u00e0&nbsp;Blatten&nbsp;bouleversait toute une vall\u00e9e. Pour le tourisme local, le bilan \u00e9tait imm\u00e9diat et s\u00e9v\u00e8re\u2009: trois h\u00f4tels d\u00e9truits, un quatri\u00e8me inaccessible, deux campings hors service. \u00ab\u2009On a perdu 80% des lits h\u00f4teliers dans la vall\u00e9e, c&rsquo;\u00e9tait vraiment catastrophique\u2009\u00bb, r\u00e9sume Mathias Fleischmann.&nbsp;<\/p>\n\n\n\n<p class=\"wp-block-paragraph\">La baisse des nuit\u00e9es a atteint 45% sur l&rsquo;ensemble de la destination. En hiver, le recul a \u00e9t\u00e9 l\u00e9g\u00e8rement moins marqu\u00e9, autour de 20 \u00e0 25%, car les chalets et appartements situ\u00e9s dans la partie haute de la vall\u00e9e n&rsquo;ont pas \u00e9t\u00e9 touch\u00e9s par l&rsquo;\u00e9boulement.\u00a0<\/p>\n\n\n\n<h2 class=\"wp-block-heading\"><strong>Trois familles d&rsquo;h\u00f4teliers face \u00e0 l&rsquo;incertitude<\/strong>\u00a0<\/h2>\n\n\n\n<p class=\"wp-block-paragraph\">Derri\u00e8re les chiffres, ce sont trois familles qui ont perdu leurs outils de travail du jour au lendemain. \u00ab\u2009Il y en avait un qui \u00e9tait d\u00e9j\u00e0 plein d&rsquo;id\u00e9es sur ce qu&rsquo;on pourrait faire, d&rsquo;autres qui \u00e9taient dans un \u00e9tat plut\u00f4t difficile\u2009\u00bb, raconte Mathias Fleischmann, qui a pris contact avec les h\u00f4teliers trois semaines apr\u00e8s la catastrophe.\u00a0<\/p>\n\n\n\n<p class=\"wp-block-paragraph\">Mais la volont\u00e9 de se battre \u00e9tait l\u00e0. \u00ab\u2009On a senti le courage de ces gens de vouloir s&rsquo;engager pour la vall\u00e9e, aussi pour sauver le tourisme et les places de travail.\u2009\u00bb Tr\u00e8s vite, l&rsquo;id\u00e9e d&rsquo;un h\u00e9bergement provisoire a \u00e9merg\u00e9.&nbsp;<\/p>\n\n\n\n<h2 class=\"wp-block-heading\"><strong>Trois mois pour construire un h\u00f4tel<\/strong>\u00a0<\/h2>\n\n\n\n<p class=\"wp-block-paragraph\">La contrainte principale \u00e9tait le temps\u2009: pour que le projet ait un sens \u00e9conomique, l&rsquo;h\u00f4tel devait ouvrir avant la saison d&rsquo;hiver. Une quinzaine d&rsquo;entreprises sp\u00e9cialis\u00e9es dans la construction modulaire ont \u00e9t\u00e9 contact\u00e9es. Seules deux pouvaient tenir le d\u00e9lai. Le choix s&rsquo;est finalement port\u00e9 sur une entreprise argovienne, capable de construire un h\u00f4tel tout neuf en bois en trois mois.\u00a0<\/p>\n\n\n\n<p class=\"wp-block-paragraph\">Le feu vert a \u00e9t\u00e9 donn\u00e9 le 15 ao\u00fbt. En septembre, une nouvelle soci\u00e9t\u00e9 anonyme, la\u00a0L\u00f6tschental\u00a0Blatten\u00a0SA, \u00e9tait fond\u00e9e, le permis de construire obtenu en 36 jours, et le financement boucl\u00e9 \u00e0 la mi-septembre. Les fondations ont suivi imm\u00e9diatement.\u00a0\u00ab\u2009Chaque \u00e9tage \u00e9tait dans un \u00e9tat diff\u00e9rent. En bas, ils mettaient d\u00e9j\u00e0 les lits, pendant qu&rsquo;en haut ils finissaient encore le toit. C&rsquo;\u00e9tait incroyable ce qu&rsquo;ils ont cr\u00e9\u00e9 l\u00e0.\u2009\u00bb\u00a0L&rsquo;h\u00f4tel Momentum a ouvert officiellement le 19 d\u00e9cembre 2025, avec 19 chambres et 64 lits, class\u00e9 trois \u00e9toiles sup\u00e9rieures par H\u00f4tellerie Suisse.\u00a0<a href=\"https:\/\/www.momentum-lauchernalp.ch\/fr\/hotel\/a-propos-de-nous\">Un h\u00f4tel n\u00e9 de la coh\u00e9sion. | Momentum Lauchernalp<\/a><\/p>\n\n\n\n<h2 class=\"wp-block-heading\"><strong>Un mod\u00e8le b\u00e2ti sur la collaboration<\/strong>\u00a0<\/h2>\n\n\n\n<p class=\"wp-block-paragraph\">Le projet a mobilis\u00e9 plusieurs acteurs locaux dans un esprit de co-construction. Les remont\u00e9es m\u00e9caniques ont mis le terrain \u00e0 disposition gratuitement pendant au moins cinq ans. Le restaurant panoramique voisin, exploit\u00e9 par les remont\u00e9es m\u00e9caniques, assure les petits-d\u00e9jeuners et les repas du soir pour les h\u00f4tes. La blanchisserie, elle, est g\u00e9r\u00e9e en commun avec une agence de location locale qui s&rsquo;occupe d\u00e9j\u00e0 d&rsquo;une septantaine de chalets et appartements dans la vall\u00e9e. \u00ab\u2009On a\u00a0ainsi\u00a0pu cr\u00e9er des places de travail suppl\u00e9mentaires.\u2009\u00bb\u00a0<\/p>\n\n\n\n<p class=\"wp-block-paragraph\">Au total, le projet a co\u00fbt\u00e9 5 millions de francs, financ\u00e9s par les assurances des h\u00f4teliers r\u00e9investies sous forme de pr\u00eats, une aide cantonale d&rsquo;un million de francs \u00e0 fonds perdu, un soutien de l\u2019Aide suisse \u00e0 la montagne&nbsp;et d&rsquo;autres dons.&nbsp;<\/p>\n\n\n\n<h2 class=\"wp-block-heading\"><strong>Un premier hiver prometteur<\/strong>\u00a0<\/h2>\n\n\n\n<p class=\"wp-block-paragraph\">Les r\u00e9sultats ont d\u00e9pass\u00e9 les attentes. L&#8217;emplacement, directement au bord des pistes, a s\u00e9duit\u2009: le taux d&rsquo;occupation a d\u00e9pass\u00e9 85% lors du premier hiver. \u00ab\u2009Pour nous, l&rsquo;ouverture de cet h\u00f4tel, ce n&rsquo;est pas seulement de nouveaux lits. C&rsquo;est aussi un signal positif et important pour toute la vall\u00e9e. Qu&rsquo;on croit \u00e0 l&rsquo;avenir du tourisme ici.\u2009\u00bb\u00a0<\/p>\n\n\n\n<p class=\"wp-block-paragraph\">Le&nbsp;L\u00f6tschental&nbsp;ne veut pas simplement reconstruire ce qui existait. \u00ab\u2009Il faut prendre cette opportunit\u00e9 de cr\u00e9er quelque chose de mieux, au niveau de l&rsquo;offre, au niveau de l&rsquo;infrastructure.\u2009\u00bb&nbsp;<\/p>\n\n\n\n<p class=\"wp-block-paragraph\">Plusieurs projets sont en cours\u2009: la r\u00e9ouverture de l&rsquo;h\u00f4tel&nbsp;Fafleralp&nbsp;pr\u00e9vue le 4 juillet, un nouveau t\u00e9l\u00e9ph\u00e9rique entre Wiler et&nbsp;Weissenried, la modernisation du domaine skiable sur dix ans, ou encore un bus navette vers&nbsp;Fafleralp&nbsp;d\u00e8s l&rsquo;\u00e9t\u00e9 2025. Une r\u00e9flexion strat\u00e9gique globale sur l&rsquo;h\u00e9bergement de la vall\u00e9e a \u00e9galement \u00e9t\u00e9 lanc\u00e9e avec les communes et les h\u00f4teliers.&nbsp;<\/p>\n\n\n\n<p class=\"wp-block-paragraph\">Le retour au niveau d&rsquo;avant l&rsquo;\u00e9boulement prendra du temps \u00ab\u2009entre 5 et 7 ans\u2009\u00bb, estime Mathias Fleischmann. Mais la dynamique est enclench\u00e9e. \u00ab\u2009Chaque crise offre des opportunit\u00e9s. Ce qui est pass\u00e9 est pass\u00e9, mais il faut regarder de l&rsquo;avant et exploiter ces opportunit\u00e9s ensemble.\u2009\u00bb\u00a0<\/p>\n\n\n\n<p class=\"wp-block-paragraph\"><em>Propos recueillis le 26 mai 2026 lors des Journ\u00e9es&nbsp;Digitourism, organis\u00e9es \u00e0&nbsp;Champex-Lac<\/em><\/p>\n","protected":false},"excerpt":{"rendered":"<p>Un an apr\u00e8s l&rsquo;\u00e9boulement\u00a0de\u00a0Blatten,\u00a0qui a d\u00e9truit\u00a0le village\u00a0et fait chuter les nuit\u00e9es\u00a0h\u00f4teli\u00e8res de la vall\u00e9e\u00a0de 45%, le\u00a0L\u00f6tschental\u00a0a ouvert un h\u00f4tel provisoire en bois \u00e0 2000 m\u00e8tres d&rsquo;altitude, construit en trois mois. Un projet collaboratif qui affiche d\u00e9j\u00e0 un taux d&rsquo;occupation de 85% lors de son premier hiver.\u00a0C\u2019est un exemple de r\u00e9silience, pr\u00e9sent\u00e9 par\u00a0Mathias Fleischmann, directeur de\u00a0L\u00f6tschental\u00a0Tourismus [&hellip;]<\/p>\n","protected":false},"author":17,"featured_media":32711,"comment_status":"closed","ping_status":"open","sticky":false,"template":"","format":"standard","meta":{"_acf_changed":false,"footnotes":""},"categories":[1],"tags":[],"class_list":["post-32710","post","type-post","status-publish","format-standard","has-post-thumbnail","hentry","category-actualites"],"acf":[],"yoast_head":"<!-- This site is optimized with the Yoast SEO plugin v28.4 - https:\/\/yoast.com\/product\/yoast-seo-wordpress\/ -->\n<title>L&#039;h\u00f4tel Momentum\u2009: comment le\u00a0L\u00f6tschental\u00a0a rebondi apr\u00e8s l&#039;\u00e9boulement de\u00a0Blatten &#8211; Digitourism<\/title>\n<meta name=\"description\" content=\"Un an apr\u00e8s l&#039;\u00e9boulement de Blatten, qui a d\u00e9truit le village et fait chuter les nuit\u00e9es h\u00f4teli\u00e8res de la vall\u00e9e de 45%, le L\u00f6tschental a ouvert un h\u00f4tel provisoire construit en 3 mois.\" \/>\n<meta name=\"robots\" content=\"index, follow, max-snippet:-1, max-image-preview:large, max-video-preview:-1\" \/>\n<link rel=\"canonical\" href=\"https:\/\/digitourism.ch\/fr\/lhotel-momentum-comment-le-lotschental-a-rebondi-apres-leboulement-de-blatten\/\" \/>\n<meta property=\"og:locale\" content=\"fr_FR\" \/>\n<meta property=\"og:type\" content=\"article\" \/>\n<meta property=\"og:title\" content=\"L&#039;h\u00f4tel Momentum\u2009: comment le\u00a0L\u00f6tschental\u00a0a rebondi apr\u00e8s l&#039;\u00e9boulement de\u00a0Blatten &#8211; Digitourism\" \/>\n<meta property=\"og:description\" content=\"Un an apr\u00e8s l&#039;\u00e9boulement de Blatten, qui a d\u00e9truit le village et fait chuter les nuit\u00e9es h\u00f4teli\u00e8res de la vall\u00e9e de 45%, le L\u00f6tschental a ouvert un h\u00f4tel provisoire construit en 3 mois.\" \/>\n<meta property=\"og:url\" content=\"https:\/\/digitourism.ch\/fr\/lhotel-momentum-comment-le-lotschental-a-rebondi-apres-leboulement-de-blatten\/\" \/>\n<meta property=\"og:site_name\" content=\"Digitourism\" \/>\n<meta property=\"article:published_time\" content=\"2026-09-01T13:46:06+00:00\" \/>\n<meta property=\"article:modified_time\" content=\"2026-09-01T13:47:51+00:00\" \/>\n<meta property=\"og:image\" content=\"https:\/\/digitourism.ch\/wp-content\/uploads\/2026\/09\/momentum-ext.png\" \/>\n\t<meta property=\"og:image:width\" content=\"1184\" \/>\n\t<meta property=\"og:image:height\" content=\"766\" \/>\n\t<meta property=\"og:image:type\" content=\"image\/png\" \/>\n<meta name=\"author\" content=\"Charlotte Melly\" \/>\n<meta name=\"twitter:card\" content=\"summary_large_image\" \/>\n<meta name=\"twitter:label1\" content=\"\u00c9crit par\" \/>\n\t<meta name=\"twitter:data1\" content=\"Charlotte Melly\" \/>\n\t<meta name=\"twitter:label2\" content=\"Dur\u00e9e de lecture estim\u00e9e\" \/>\n\t<meta name=\"twitter:data2\" content=\"5 minutes\" \/>\n<script type=\"application\/ld+json\" class=\"yoast-schema-graph\">{\"@context\":\"https:\\\/\\\/schema.org\",\"@graph\":[{\"@type\":\"Article\",\"@id\":\"https:\\\/\\\/digitourism.ch\\\/fr\\\/lhotel-momentum-comment-le-lotschental-a-rebondi-apres-leboulement-de-blatten\\\/#article\",\"isPartOf\":{\"@id\":\"https:\\\/\\\/digitourism.ch\\\/fr\\\/lhotel-momentum-comment-le-lotschental-a-rebondi-apres-leboulement-de-blatten\\\/\"},\"author\":{\"name\":\"Charlotte Melly\",\"@id\":\"https:\\\/\\\/digitourism.ch\\\/fr\\\/#\\\/schema\\\/person\\\/6ee7c8b28df09e26fce0d4b48262f8eb\"},\"headline\":\"L&rsquo;h\u00f4tel Momentum\u2009: comment le\u00a0L\u00f6tschental\u00a0a rebondi apr\u00e8s l&rsquo;\u00e9boulement de\u00a0Blatten\",\"datePublished\":\"2026-09-01T13:46:06+00:00\",\"dateModified\":\"2026-09-01T13:47:51+00:00\",\"mainEntityOfPage\":{\"@id\":\"https:\\\/\\\/digitourism.ch\\\/fr\\\/lhotel-momentum-comment-le-lotschental-a-rebondi-apres-leboulement-de-blatten\\\/\"},\"wordCount\":920,\"publisher\":{\"@id\":\"https:\\\/\\\/digitourism.ch\\\/fr\\\/#organization\"},\"image\":{\"@id\":\"https:\\\/\\\/digitourism.ch\\\/fr\\\/lhotel-momentum-comment-le-lotschental-a-rebondi-apres-leboulement-de-blatten\\\/#primaryimage\"},\"thumbnailUrl\":\"https:\\\/\\\/digitourism.ch\\\/wp-content\\\/uploads\\\/2026\\\/09\\\/momentum-ext.png\",\"articleSection\":[\"Actualit\u00e9s\"],\"inLanguage\":\"fr-FR\"},{\"@type\":\"WebPage\",\"@id\":\"https:\\\/\\\/digitourism.ch\\\/fr\\\/lhotel-momentum-comment-le-lotschental-a-rebondi-apres-leboulement-de-blatten\\\/\",\"url\":\"https:\\\/\\\/digitourism.ch\\\/fr\\\/lhotel-momentum-comment-le-lotschental-a-rebondi-apres-leboulement-de-blatten\\\/\",\"name\":\"L'h\u00f4tel Momentum\u2009: comment le\u00a0L\u00f6tschental\u00a0a rebondi apr\u00e8s l'\u00e9boulement de\u00a0Blatten &#8211; Digitourism\",\"isPartOf\":{\"@id\":\"https:\\\/\\\/digitourism.ch\\\/fr\\\/#website\"},\"primaryImageOfPage\":{\"@id\":\"https:\\\/\\\/digitourism.ch\\\/fr\\\/lhotel-momentum-comment-le-lotschental-a-rebondi-apres-leboulement-de-blatten\\\/#primaryimage\"},\"image\":{\"@id\":\"https:\\\/\\\/digitourism.ch\\\/fr\\\/lhotel-momentum-comment-le-lotschental-a-rebondi-apres-leboulement-de-blatten\\\/#primaryimage\"},\"thumbnailUrl\":\"https:\\\/\\\/digitourism.ch\\\/wp-content\\\/uploads\\\/2026\\\/09\\\/momentum-ext.png\",\"datePublished\":\"2026-09-01T13:46:06+00:00\",\"dateModified\":\"2026-09-01T13:47:51+00:00\",\"description\":\"Un an apr\u00e8s l'\u00e9boulement de Blatten, qui a d\u00e9truit le village et fait chuter les nuit\u00e9es h\u00f4teli\u00e8res de la vall\u00e9e de 45%, le L\u00f6tschental a ouvert un h\u00f4tel provisoire construit en 3 mois.\",\"breadcrumb\":{\"@id\":\"https:\\\/\\\/digitourism.ch\\\/fr\\\/lhotel-momentum-comment-le-lotschental-a-rebondi-apres-leboulement-de-blatten\\\/#breadcrumb\"},\"inLanguage\":\"fr-FR\",\"potentialAction\":[{\"@type\":\"ReadAction\",\"target\":[\"https:\\\/\\\/digitourism.ch\\\/fr\\\/lhotel-momentum-comment-le-lotschental-a-rebondi-apres-leboulement-de-blatten\\\/\"]}]},{\"@type\":\"ImageObject\",\"inLanguage\":\"fr-FR\",\"@id\":\"https:\\\/\\\/digitourism.ch\\\/fr\\\/lhotel-momentum-comment-le-lotschental-a-rebondi-apres-leboulement-de-blatten\\\/#primaryimage\",\"url\":\"https:\\\/\\\/digitourism.ch\\\/wp-content\\\/uploads\\\/2026\\\/09\\\/momentum-ext.png\",\"contentUrl\":\"https:\\\/\\\/digitourism.ch\\\/wp-content\\\/uploads\\\/2026\\\/09\\\/momentum-ext.png\",\"width\":1184,\"height\":766},{\"@type\":\"BreadcrumbList\",\"@id\":\"https:\\\/\\\/digitourism.ch\\\/fr\\\/lhotel-momentum-comment-le-lotschental-a-rebondi-apres-leboulement-de-blatten\\\/#breadcrumb\",\"itemListElement\":[{\"@type\":\"ListItem\",\"position\":1,\"name\":\"Home\",\"item\":\"https:\\\/\\\/digitourism.ch\\\/fr\\\/accueil\\\/\"},{\"@type\":\"ListItem\",\"position\":2,\"name\":\"Actualit\u00e9s\",\"item\":\"https:\\\/\\\/digitourism.ch\\\/fr\\\/category\\\/actualites\\\/\"},{\"@type\":\"ListItem\",\"position\":3,\"name\":\"L&rsquo;h\u00f4tel Momentum\u2009: comment le\u00a0L\u00f6tschental\u00a0a rebondi apr\u00e8s l&rsquo;\u00e9boulement de\u00a0Blatten\"}]},{\"@type\":\"WebSite\",\"@id\":\"https:\\\/\\\/digitourism.ch\\\/fr\\\/#website\",\"url\":\"https:\\\/\\\/digitourism.ch\\\/fr\\\/\",\"name\":\"Digitourism\",\"description\":\"Digitalisation du tourisme en Valais\",\"publisher\":{\"@id\":\"https:\\\/\\\/digitourism.ch\\\/fr\\\/#organization\"},\"potentialAction\":[{\"@type\":\"SearchAction\",\"target\":{\"@type\":\"EntryPoint\",\"urlTemplate\":\"https:\\\/\\\/digitourism.ch\\\/fr\\\/?s={search_term_string}\"},\"query-input\":{\"@type\":\"PropertyValueSpecification\",\"valueRequired\":true,\"valueName\":\"search_term_string\"}}],\"inLanguage\":\"fr-FR\"},{\"@type\":\"Organization\",\"@id\":\"https:\\\/\\\/digitourism.ch\\\/fr\\\/#organization\",\"name\":\"Digitourism\",\"url\":\"https:\\\/\\\/digitourism.ch\\\/fr\\\/\",\"logo\":{\"@type\":\"ImageObject\",\"inLanguage\":\"fr-FR\",\"@id\":\"https:\\\/\\\/digitourism.ch\\\/fr\\\/#\\\/schema\\\/logo\\\/image\\\/\",\"url\":\"\",\"contentUrl\":\"\",\"caption\":\"Digitourism\"},\"image\":{\"@id\":\"https:\\\/\\\/digitourism.ch\\\/fr\\\/#\\\/schema\\\/logo\\\/image\\\/\"}},{\"@type\":\"Person\",\"@id\":\"https:\\\/\\\/digitourism.ch\\\/fr\\\/#\\\/schema\\\/person\\\/6ee7c8b28df09e26fce0d4b48262f8eb\",\"name\":\"Charlotte Melly\",\"image\":{\"@type\":\"ImageObject\",\"inLanguage\":\"fr-FR\",\"@id\":\"https:\\\/\\\/secure.gravatar.com\\\/avatar\\\/8745427a5ece063117fedff0cd83668b0864c6c6bd469cdbbbe6e3dc6b146bec?s=96&d=mm&r=g\",\"url\":\"https:\\\/\\\/secure.gravatar.com\\\/avatar\\\/8745427a5ece063117fedff0cd83668b0864c6c6bd469cdbbbe6e3dc6b146bec?s=96&d=mm&r=g\",\"contentUrl\":\"https:\\\/\\\/secure.gravatar.com\\\/avatar\\\/8745427a5ece063117fedff0cd83668b0864c6c6bd469cdbbbe6e3dc6b146bec?s=96&d=mm&r=g\",\"caption\":\"Charlotte Melly\"}}]}<\/script>\n<!-- \/ Yoast SEO plugin. -->","yoast_head_json":{"title":"L'h\u00f4tel Momentum\u2009: comment le\u00a0L\u00f6tschental\u00a0a rebondi apr\u00e8s l'\u00e9boulement de\u00a0Blatten &#8211; Digitourism","description":"Un an apr\u00e8s l'\u00e9boulement de Blatten, qui a d\u00e9truit le village et fait chuter les nuit\u00e9es h\u00f4teli\u00e8res de la vall\u00e9e de 45%, le L\u00f6tschental a ouvert un h\u00f4tel provisoire construit en 3 mois.","robots":{"index":"index","follow":"follow","max-snippet":"max-snippet:-1","max-image-preview":"max-image-preview:large","max-video-preview":"max-video-preview:-1"},"canonical":"https:\/\/digitourism.ch\/fr\/lhotel-momentum-comment-le-lotschental-a-rebondi-apres-leboulement-de-blatten\/","og_locale":"fr_FR","og_type":"article","og_title":"L'h\u00f4tel Momentum\u2009: comment le\u00a0L\u00f6tschental\u00a0a rebondi apr\u00e8s l'\u00e9boulement de\u00a0Blatten &#8211; Digitourism","og_description":"Un an apr\u00e8s l'\u00e9boulement de Blatten, qui a d\u00e9truit le village et fait chuter les nuit\u00e9es h\u00f4teli\u00e8res de la vall\u00e9e de 45%, le L\u00f6tschental a ouvert un h\u00f4tel provisoire construit en 3 mois.","og_url":"https:\/\/digitourism.ch\/fr\/lhotel-momentum-comment-le-lotschental-a-rebondi-apres-leboulement-de-blatten\/","og_site_name":"Digitourism","article_published_time":"2026-09-01T13:46:06+00:00","article_modified_time":"2026-09-01T13:47:51+00:00","og_image":[{"width":1184,"height":766,"url":"https:\/\/digitourism.ch\/wp-content\/uploads\/2026\/09\/momentum-ext.png","type":"image\/png"}],"author":"Charlotte Melly","twitter_card":"summary_large_image","twitter_misc":{"\u00c9crit par":"Charlotte Melly","Dur\u00e9e de lecture estim\u00e9e":"5 minutes"},"schema":{"@context":"https:\/\/schema.org","@graph":[{"@type":"Article","@id":"https:\/\/digitourism.ch\/fr\/lhotel-momentum-comment-le-lotschental-a-rebondi-apres-leboulement-de-blatten\/#article","isPartOf":{"@id":"https:\/\/digitourism.ch\/fr\/lhotel-momentum-comment-le-lotschental-a-rebondi-apres-leboulement-de-blatten\/"},"author":{"name":"Charlotte Melly","@id":"https:\/\/digitourism.ch\/fr\/#\/schema\/person\/6ee7c8b28df09e26fce0d4b48262f8eb"},"headline":"L&rsquo;h\u00f4tel Momentum\u2009: comment le\u00a0L\u00f6tschental\u00a0a rebondi apr\u00e8s l&rsquo;\u00e9boulement de\u00a0Blatten","datePublished":"2026-09-01T13:46:06+00:00","dateModified":"2026-09-01T13:47:51+00:00","mainEntityOfPage":{"@id":"https:\/\/digitourism.ch\/fr\/lhotel-momentum-comment-le-lotschental-a-rebondi-apres-leboulement-de-blatten\/"},"wordCount":920,"publisher":{"@id":"https:\/\/digitourism.ch\/fr\/#organization"},"image":{"@id":"https:\/\/digitourism.ch\/fr\/lhotel-momentum-comment-le-lotschental-a-rebondi-apres-leboulement-de-blatten\/#primaryimage"},"thumbnailUrl":"https:\/\/digitourism.ch\/wp-content\/uploads\/2026\/09\/momentum-ext.png","articleSection":["Actualit\u00e9s"],"inLanguage":"fr-FR"},{"@type":"WebPage","@id":"https:\/\/digitourism.ch\/fr\/lhotel-momentum-comment-le-lotschental-a-rebondi-apres-leboulement-de-blatten\/","url":"https:\/\/digitourism.ch\/fr\/lhotel-momentum-comment-le-lotschental-a-rebondi-apres-leboulement-de-blatten\/","name":"L'h\u00f4tel Momentum\u2009: comment le\u00a0L\u00f6tschental\u00a0a rebondi apr\u00e8s l'\u00e9boulement de\u00a0Blatten &#8211; Digitourism","isPartOf":{"@id":"https:\/\/digitourism.ch\/fr\/#website"},"primaryImageOfPage":{"@id":"https:\/\/digitourism.ch\/fr\/lhotel-momentum-comment-le-lotschental-a-rebondi-apres-leboulement-de-blatten\/#primaryimage"},"image":{"@id":"https:\/\/digitourism.ch\/fr\/lhotel-momentum-comment-le-lotschental-a-rebondi-apres-leboulement-de-blatten\/#primaryimage"},"thumbnailUrl":"https:\/\/digitourism.ch\/wp-content\/uploads\/2026\/09\/momentum-ext.png","datePublished":"2026-09-01T13:46:06+00:00","dateModified":"2026-09-01T13:47:51+00:00","description":"Un an apr\u00e8s l'\u00e9boulement de Blatten, qui a d\u00e9truit le village et fait chuter les nuit\u00e9es h\u00f4teli\u00e8res de la vall\u00e9e de 45%, le L\u00f6tschental a ouvert un h\u00f4tel provisoire construit en 3 mois.","breadcrumb":{"@id":"https:\/\/digitourism.ch\/fr\/lhotel-momentum-comment-le-lotschental-a-rebondi-apres-leboulement-de-blatten\/#breadcrumb"},"inLanguage":"fr-FR","potentialAction":[{"@type":"ReadAction","target":["https:\/\/digitourism.ch\/fr\/lhotel-momentum-comment-le-lotschental-a-rebondi-apres-leboulement-de-blatten\/"]}]},{"@type":"ImageObject","inLanguage":"fr-FR","@id":"https:\/\/digitourism.ch\/fr\/lhotel-momentum-comment-le-lotschental-a-rebondi-apres-leboulement-de-blatten\/#primaryimage","url":"https:\/\/digitourism.ch\/wp-content\/uploads\/2026\/09\/momentum-ext.png","contentUrl":"https:\/\/digitourism.ch\/wp-content\/uploads\/2026\/09\/momentum-ext.png","width":1184,"height":766},{"@type":"BreadcrumbList","@id":"https:\/\/digitourism.ch\/fr\/lhotel-momentum-comment-le-lotschental-a-rebondi-apres-leboulement-de-blatten\/#breadcrumb","itemListElement":[{"@type":"ListItem","position":1,"name":"Home","item":"https:\/\/digitourism.ch\/fr\/accueil\/"},{"@type":"ListItem","position":2,"name":"Actualit\u00e9s","item":"https:\/\/digitourism.ch\/fr\/category\/actualites\/"},{"@type":"ListItem","position":3,"name":"L&rsquo;h\u00f4tel Momentum\u2009: comment le\u00a0L\u00f6tschental\u00a0a rebondi apr\u00e8s l&rsquo;\u00e9boulement de\u00a0Blatten"}]},{"@type":"WebSite","@id":"https:\/\/digitourism.ch\/fr\/#website","url":"https:\/\/digitourism.ch\/fr\/","name":"Digitourism","description":"Digitalisation du tourisme en Valais","publisher":{"@id":"https:\/\/digitourism.ch\/fr\/#organization"},"potentialAction":[{"@type":"SearchAction","target":{"@type":"EntryPoint","urlTemplate":"https:\/\/digitourism.ch\/fr\/?s={search_term_string}"},"query-input":{"@type":"PropertyValueSpecification","valueRequired":true,"valueName":"search_term_string"}}],"inLanguage":"fr-FR"},{"@type":"Organization","@id":"https:\/\/digitourism.ch\/fr\/#organization","name":"Digitourism","url":"https:\/\/digitourism.ch\/fr\/","logo":{"@type":"ImageObject","inLanguage":"fr-FR","@id":"https:\/\/digitourism.ch\/fr\/#\/schema\/logo\/image\/","url":"","contentUrl":"","caption":"Digitourism"},"image":{"@id":"https:\/\/digitourism.ch\/fr\/#\/schema\/logo\/image\/"}},{"@type":"Person","@id":"https:\/\/digitourism.ch\/fr\/#\/schema\/person\/6ee7c8b28df09e26fce0d4b48262f8eb","name":"Charlotte Melly","image":{"@type":"ImageObject","inLanguage":"fr-FR","@id":"https:\/\/secure.gravatar.com\/avatar\/8745427a5ece063117fedff0cd83668b0864c6c6bd469cdbbbe6e3dc6b146bec?s=96&d=mm&r=g","url":"https:\/\/secure.gravatar.com\/avatar\/8745427a5ece063117fedff0cd83668b0864c6c6bd469cdbbbe6e3dc6b146bec?s=96&d=mm&r=g","contentUrl":"https:\/\/secure.gravatar.com\/avatar\/8745427a5ece063117fedff0cd83668b0864c6c6bd469cdbbbe6e3dc6b146bec?s=96&d=mm&r=g","caption":"Charlotte Melly"}}]}},"_links":{"self":[{"href":"https:\/\/digitourism.ch\/fr\/wp-json\/wp\/v2\/posts\/32710","targetHints":{"allow":["GET"]}}],"collection":[{"href":"https:\/\/digitourism.ch\/fr\/wp-json\/wp\/v2\/posts"}],"about":[{"href":"https:\/\/digitourism.ch\/fr\/wp-json\/wp\/v2\/types\/post"}],"author":[{"embeddable":true,"href":"https:\/\/digitourism.ch\/fr\/wp-json\/wp\/v2\/users\/17"}],"replies":[{"embeddable":true,"href":"https:\/\/digitourism.ch\/fr\/wp-json\/wp\/v2\/comments?post=32710"}],"version-history":[{"count":2,"href":"https:\/\/digitourism.ch\/fr\/wp-json\/wp\/v2\/posts\/32710\/revisions"}],"predecessor-version":[{"id":32715,"href":"https:\/\/digitourism.ch\/fr\/wp-json\/wp\/v2\/posts\/32710\/revisions\/32715"}],"wp:featuredmedia":[{"embeddable":true,"href":"https:\/\/digitourism.ch\/fr\/wp-json\/wp\/v2\/media\/32711"}],"wp:attachment":[{"href":"https:\/\/digitourism.ch\/fr\/wp-json\/wp\/v2\/media?parent=32710"}],"wp:term":[{"taxonomy":"category","embeddable":true,"href":"https:\/\/digitourism.ch\/fr\/wp-json\/wp\/v2\/categories?post=32710"},{"taxonomy":"post_tag","embeddable":true,"href":"https:\/\/digitourism.ch\/fr\/wp-json\/wp\/v2\/tags?post=32710"}],"curies":[{"name":"wp","href":"https:\/\/api.w.org\/{rel}","templated":true}]}}